{"id":279,"date":"2019-04-12T17:12:47","date_gmt":"2019-04-12T15:12:47","guid":{"rendered":"http:\/\/gaul-hechler.de\/?p=279"},"modified":"2019-04-12T17:21:39","modified_gmt":"2019-04-12T15:21:39","slug":"weinfruehling-in-rheinhessen","status":"publish","type":"post","link":"http:\/\/gaul-hechler.de\/?p=279","title":{"rendered":"Weinfr\u00fchling in Rheinhessen"},"content":{"rendered":"<p><img loading=\"lazy\" decoding=\"async\" src=\"http:\/\/gaul-hechler.de\/wp-content\/uploads\/2019\/04\/IMG_5105-e1555082444398-225x300.jpg\" alt=\"\" width=\"225\" height=\"300\" class=\"aligncenter size-medium wp-image-283\" srcset=\"http:\/\/gaul-hechler.de\/wp-content\/uploads\/2019\/04\/IMG_5105-e1555082444398-225x300.jpg 225w, http:\/\/gaul-hechler.de\/wp-content\/uploads\/2019\/04\/IMG_5105-e1555082444398-768x1024.jpg 768w, http:\/\/gaul-hechler.de\/wp-content\/uploads\/2019\/04\/IMG_5105-e1555082444398.jpg 1224w\" sizes=\"auto, (max-width: 225px) 100vw, 225px\" \/><\/p>\n<p>Der Fr\u00fchling l\u00e4sst Rheinhessen regelrecht aufbl\u00fchen und bringt nicht nur neues Gr\u00fcn in die Natur, sondern auch frische Weine in die Gl\u00e4ser. Was war das f\u00fcr ein pr\u00e4chtiges Weinjahr, dieses Jahr 2018! Sommer satt, unendlich trocken, ein Stresstest f\u00fcr die Reben sowie kellerwirtschaftlich eine echte Herausforderung! Die langanhaltende Trockenheit beeinflusste die Reben in ihrem Wachstum vor\u00fcbergehend stark: die Mostgewichte stagnierten und die S\u00e4ure nahm erheblich ab. Belohnt wurden wir dennoch mit einer weit \u00fcberdurchschnittlichen Ernte. Welch gl\u00fcckliches Ende! Doch w\u00fcnschen wir uns f\u00fcr den kommenden Herbst einen Jahrgang, wie es der 2017er war \u2013 harmonisch und ausgeglichen.<\/p>\n<p>Mit der beiliegenden Weinpreisliste m\u00f6chten wir Ihnen unser aktuelles Weinsortiment vorstellen. Begeben Sie sich auf Entdeckungsreise!<br \/>\n\u2022\tUnser Fr\u00fchburgunder Blanc de Noir, der von einer eleganten Rests\u00fc\u00dfe umschmeichelt wird, besitzt eine besonders feine trockene Note.<br \/>\n\u2022\tOder probieren Sie den 2018er Riesling mit einem sehr ausgepr\u00e4gten klassischen Aroma, das sich in seinem Geschmack wiederspiegelt.<br \/>\n\u2022\tWieder im Angebot: Grauer Burgunder -halbtrocken- vollfruchtig mit Schmelz.<\/p>\n<p>Wir machen aus dem, was die Natur uns schenkt, das Beste f\u00fcr Sie.<br \/>\n \tUnsere Weine bestechen durch eine frische und lebensfrohe Geschmacksnote.<\/p>\n<p>Um die anstehenden Weinfahrten bestm\u00f6glich zu koordinieren, bitten wir um Ihre Bestellung bis zum                              \t\t 24. April 2019.<br \/>\nWie gewohnt erhalten Sie eine telefonische Mitteilung, wann die Auslieferung erfolgt.<\/p>\n<p>Wir w\u00fcnschen Ihnen ein frohes Osterfest<br \/>\nund senden liebe Gr\u00fc\u00dfe aus<\/p>\n<p>Ihrem Weingut<br \/>\nGaul-Hechler<\/p>\n","protected":false},"excerpt":{"rendered":"<p>Der Fr\u00fchling l\u00e4sst Rheinhessen regelrecht aufbl\u00fchen und bringt nicht nur neues Gr\u00fcn in die Natur, sondern auch frische Weine in die Gl\u00e4ser. Was war das f\u00fcr ein pr\u00e4chtiges Weinjahr, dieses Jahr 2018! Sommer satt, unendlich trocken, ein Stresstest f\u00fcr die Reben sowie kellerwirtschaftlich eine echte Herausforderung! Die langanhaltende Trockenheit beeinflusste die Reben in ihrem Wachstum &hellip; <\/p>\n<p class=\"link-more\"><a href=\"http:\/\/gaul-hechler.de\/?p=279\" class=\"more-link\"><span class=\"screen-reader-text\">\u201eWeinfr\u00fchling in Rheinhessen\u201c<\/span> weiterlesen<\/a><\/p>\n","protected":false},"author":1,"featured_media":0,"comment_status":"closed","ping_status":"closed","sticky":false,"template":"","format":"standard","meta":{"footnotes":""},"categories":[1],"tags":[],"class_list":["post-279","post","type-post","status-publish","format-standard","hentry","category-allgemein"],"_links":{"self":[{"href":"http:\/\/gaul-hechler.de\/index.php?rest_route=\/wp\/v2\/posts\/279","targetHints":{"allow":["GET"]}}],"collection":[{"href":"http:\/\/gaul-hechler.de\/index.php?rest_route=\/wp\/v2\/posts"}],"about":[{"href":"http:\/\/gaul-hechler.de\/index.php?rest_route=\/wp\/v2\/types\/post"}],"author":[{"embeddable":true,"href":"http:\/\/gaul-hechler.de\/index.php?rest_route=\/wp\/v2\/users\/1"}],"replies":[{"embeddable":true,"href":"http:\/\/gaul-hechler.de\/index.php?rest_route=%2Fwp%2Fv2%2Fcomments&post=279"}],"version-history":[{"count":4,"href":"http:\/\/gaul-hechler.de\/index.php?rest_route=\/wp\/v2\/posts\/279\/revisions"}],"predecessor-version":[{"id":285,"href":"http:\/\/gaul-hechler.de\/index.php?rest_route=\/wp\/v2\/posts\/279\/revisions\/285"}],"wp:attachment":[{"href":"http:\/\/gaul-hechler.de\/index.php?rest_route=%2Fwp%2Fv2%2Fmedia&parent=279"}],"wp:term":[{"taxonomy":"category","embeddable":true,"href":"http:\/\/gaul-hechler.de\/index.php?rest_route=%2Fwp%2Fv2%2Fcategories&post=279"},{"taxonomy":"post_tag","embeddable":true,"href":"http:\/\/gaul-hechler.de\/index.php?rest_route=%2Fwp%2Fv2%2Ftags&post=279"}],"curies":[{"name":"wp","href":"https:\/\/api.w.org\/{rel}","templated":true}]}}